{"id":7161,"date":"2026-02-02T16:31:45","date_gmt":"2026-02-02T13:31:45","guid":{"rendered":"http:\/\/www.batmantb.org.tr\/?p=7161"},"modified":"2026-02-02T16:42:11","modified_gmt":"2026-02-02T13:42:11","slug":"yonetim-kurulu-baskanimiz-arif-gunes-turkiye-misir-oda-ve-borsalar-isbirligi-forumu-na-katildi-02-02-2026","status":"publish","type":"post","link":"http:\/\/www.batmantb.org.tr\/index.php\/2026\/02\/02\/yonetim-kurulu-baskanimiz-arif-gunes-turkiye-misir-oda-ve-borsalar-isbirligi-forumu-na-katildi-02-02-2026\/","title":{"rendered":"Y\u00d6NET\u0130M KURULU BA\u015eKANIMIZ AR\u0130F G\u00dcNE\u015e, T\u00dcRK\u0130YE-MISIR ODA VE BORSALAR \u0130\u015eB\u0130RL\u0130\u011e\u0130 FORUMU&#8217; NA KATILDI 02.02.2026"},"content":{"rendered":"\n<p>Borsam\u0131z Y\u00f6netim Kurulu Ba\u015fkan\u0131 Arif G\u00fcne\u015f; Cumhurba\u015fkan\u0131 Recep Tayyip Erdo\u011fan&#8217;\u0131n M\u0131s\u0131r&#8217;a ger\u00e7ekle\u015ftirece\u011fi resmi ziyaret \u00f6ncesinde M\u0131s\u0131r Ticaret ve Sanayi Odalar\u0131 Federasyonu\u2019nun ev sahipli\u011finde d\u00fczenlenen T\u00fcrkiye-M\u0131s\u0131r Oda ve Borsalar \u0130\u015f Birli\u011fi Forumu\u2019na kat\u0131ld\u0131. M\u0131s\u0131r Maliye Bakan\u0131 Ahmed Kouchouk\u2019un \u00e7evrim i\u00e7i olarak i\u015ftirak etti\u011fi toplant\u0131da; T\u00fcrkiye Cumhuriyeti Kahire B\u00fcy\u00fckel\u00e7isi Salih Mutlu \u015een, M\u0131s\u0131r Ticaret ve Sanayi Odalar\u0131 Federasyonu Ba\u015fkan\u0131 Ahmet Al Wakil ile iki \u00fclkenin i\u015f d\u00fcnyas\u0131 temsilcileri yer ald\u0131.<\/p>\n\n\n\n<p>M\u0131s\u0131r Ticaret ve Sanayi Odalar\u0131 Federasyonu\u2019nun ev sahipli\u011finde ger\u00e7ekle\u015ftirilen forum, T\u00fcrkiye ve M\u0131s\u0131r i\u015f d\u00fcnyas\u0131n\u0131n \u00f6nde gelen temsilcilerini bir araya getirdi. Forum kapsam\u0131nda sanayi, ticaret, tar\u0131m, bal\u0131k\u00e7\u0131l\u0131k, turizm, lojistik ve in\u015faat ba\u015fta olmak \u00fczere bir\u00e7ok sekt\u00f6r\u00fc kapsayan kapsaml\u0131 bir i\u015f birli\u011fi protokol\u00fc, iki \u00fclkenin oda ve borsa ba\u015fkanlar\u0131 ile temsilcilerinin kat\u0131l\u0131m\u0131yla imzaland\u0131.<\/p>\n\n\n\n<p>\u0130mzalanan protokol ile T\u00fcrkiye ve M\u0131s\u0131r aras\u0131ndaki ekonomik ve ticari ili\u015fkilerin daha ileri bir seviyeye ta\u015f\u0131nmas\u0131 hedeflenirken; kar\u015f\u0131l\u0131kl\u0131 ticaret hacminin art\u0131r\u0131lmas\u0131, yat\u0131r\u0131m ortam\u0131n\u0131n geli\u015ftirilmesi, ortak projelerin hayata ge\u00e7irilmesi ve i\u015f d\u00fcnyas\u0131 aras\u0131ndaki ileti\u015fim ve i\u015f birli\u011finin g\u00fc\u00e7lendirilmesi ama\u00e7lan\u0131yor. Ayr\u0131ca protokol \u00e7er\u00e7evesinde, firmalar aras\u0131 i\u015f g\u00f6r\u00fc\u015fmelerinin art\u0131r\u0131lmas\u0131, bilgi ve tecr\u00fcbe payla\u015f\u0131m\u0131n\u0131n te\u015fvik edilmesi ve sekt\u00f6rel i\u015f birliklerinin desteklenmesi \u00f6ng\u00f6r\u00fcl\u00fcyor.<\/p>\n\n\n\n<p>Forum s\u00fcresince ger\u00e7ekle\u015ftirilen ikili g\u00f6r\u00fc\u015fmeler ve oturumlarda, iki \u00fclke aras\u0131ndaki mevcut ticari ili\u015fkiler de\u011ferlendirilirken, yeni yat\u0131r\u0131m ve i\u015f birli\u011fi f\u0131rsatlar\u0131 ele al\u0131nd\u0131.<\/p>\n\n\n\n<p><\/p>\n<!-- AddThis Advanced Settings generic via filter on the_content --><!-- AddThis Share Buttons generic via filter on the_content --><!-- AddThis Related Posts generic via filter on the_content -->","protected":false},"excerpt":{"rendered":"<p>Borsam\u0131z Y\u00f6netim Kurulu Ba\u015fkan\u0131 Arif G\u00fcne\u015f; Cumhurba\u015fkan\u0131 Recep Tayyip Erdo\u011fan&#8217;\u0131n M\u0131s\u0131r&#8217;a ger\u00e7ekle\u015ftirece\u011fi resmi ziyaret \u00f6ncesinde M\u0131s\u0131r Ticaret ve Sanayi Odalar\u0131 Federasyonu\u2019nun ev sahipli\u011finde d\u00fczenlenen T\u00fcrkiye-M\u0131s\u0131r Oda ve Borsalar \u0130\u015f Birli\u011fi Forumu\u2019na kat\u0131ld\u0131. M\u0131s\u0131r Maliye Bakan\u0131 Ahmed Kouchouk\u2019un \u00e7evrim i\u00e7i olarak i\u015ftirak etti\u011fi toplant\u0131da; T\u00fcrkiye Cumhuriyeti Kahire B\u00fcy\u00fckel\u00e7isi Salih Mutlu \u015een, M\u0131s\u0131r Ticaret ve Sanayi Odalar\u0131 &hellip;<!-- AddThis Advanced Settings generic via filter on get_the_excerpt --><!-- AddThis Share Buttons generic via filter on get_the_excerpt --><!-- AddThis Related Posts generic via filter on get_the_excerpt --><\/p>\n","protected":false},"author":2,"featured_media":7162,"comment_status":"closed","ping_status":"closed","sticky":false,"template":"","format":"standard","meta":{"ngg_post_thumbnail":0},"categories":[75,9],"tags":[],"_links":{"self":[{"href":"http:\/\/www.batmantb.org.tr\/index.php\/wp-json\/wp\/v2\/posts\/7161"}],"collection":[{"href":"http:\/\/www.batmantb.org.tr\/index.php\/wp-json\/wp\/v2\/posts"}],"about":[{"href":"http:\/\/www.batmantb.org.tr\/index.php\/wp-json\/wp\/v2\/types\/post"}],"author":[{"embeddable":true,"href":"http:\/\/www.batmantb.org.tr\/index.php\/wp-json\/wp\/v2\/users\/2"}],"replies":[{"embeddable":true,"href":"http:\/\/www.batmantb.org.tr\/index.php\/wp-json\/wp\/v2\/comments?post=7161"}],"version-history":[{"count":3,"href":"http:\/\/www.batmantb.org.tr\/index.php\/wp-json\/wp\/v2\/posts\/7161\/revisions"}],"predecessor-version":[{"id":7166,"href":"http:\/\/www.batmantb.org.tr\/index.php\/wp-json\/wp\/v2\/posts\/7161\/revisions\/7166"}],"wp:featuredmedia":[{"embeddable":true,"href":"http:\/\/www.batmantb.org.tr\/index.php\/wp-json\/wp\/v2\/media\/7162"}],"wp:attachment":[{"href":"http:\/\/www.batmantb.org.tr\/index.php\/wp-json\/wp\/v2\/media?parent=7161"}],"wp:term":[{"taxonomy":"category","embeddable":true,"href":"http:\/\/www.batmantb.org.tr\/index.php\/wp-json\/wp\/v2\/categories?post=7161"},{"taxonomy":"post_tag","embeddable":true,"href":"http:\/\/www.batmantb.org.tr\/index.php\/wp-json\/wp\/v2\/tags?post=7161"}],"curies":[{"name":"wp","href":"https:\/\/api.w.org\/{rel}","templated":true}]}}