{"id":7255,"date":"2026-04-10T11:32:22","date_gmt":"2026-04-10T08:32:22","guid":{"rendered":"http:\/\/www.batmantb.org.tr\/?p=7255"},"modified":"2026-04-10T11:34:52","modified_gmt":"2026-04-10T08:34:52","slug":"borsamizdan-gocebe-hayvacilik-calistayina-katilim-08-04-2026","status":"publish","type":"post","link":"http:\/\/www.batmantb.org.tr\/index.php\/2026\/04\/10\/borsamizdan-gocebe-hayvacilik-calistayina-katilim-08-04-2026\/","title":{"rendered":"BORSAMIZDAN G\u00d6\u00c7EBE HAYVACILIK \u00c7ALI\u015eTAYI&#8217;NA KATILIM 08.04.2026"},"content":{"rendered":"\n<p>Borsam\u0131z Y\u00f6netim Kurulu Ba\u015fkan\u0131 Arif G\u00fcne\u015f ve Genel Sekreterimiz \u0130sa Akda\u015f, Tar\u0131m ve Orman Bakanl\u0131\u011f\u0131n\u0131n deste\u011fi ve Valili\u011fimizin himayelerinde T\u00fcrkiye\u2019de ilk kez d\u00fczenlenen \u201cG\u00f6\u00e7ebe Hayvanc\u0131l\u0131k \u00c7al\u0131\u015ftay\u0131\u201dna kat\u0131l\u0131m sa\u011flad\u0131. G\u00f6\u00e7ebe hayvanc\u0131l\u0131\u011f\u0131n korunmas\u0131, geli\u015ftirilmesi ve gelece\u011fe ta\u015f\u0131nmas\u0131na y\u00f6nelik d\u00fczenlenen bu \u00f6nemli \u00e7al\u0131\u015ftayda yer alarak; sekt\u00f6rdeki mevcut durum, kar\u015f\u0131la\u015f\u0131lan sorunlar ve \u00e7\u00f6z\u00fcm \u00f6nerileri isti\u015fare edildi.<\/p>\n\n\n\n<p>Tar\u0131m ve Orman Bakanl\u0131\u011f\u0131m\u0131z\u0131n destekleriyle, Valili\u011fimizin himayelerinde Batman Belediyesi, GAP \u0130daresi, \u0130l M\u00fcd\u00fcrl\u00fc\u011f\u00fcm\u00fcz, Batman Dam\u0131zl\u0131k Koyun ve Ke\u00e7i Yeti\u015ftiricileri Birli\u011fi ve YOLDA&#8217;n\u0131n i\u015f birli\u011fiyle T\u00fcrkiye&#8217;de ilk defa d\u00fczenlenen ve \u00fc\u00e7 g\u00fcn s\u00fcrecek olan \u201cG\u00f6\u00e7ebe Hayvanc\u0131l\u0131k \u00c7al\u0131\u015ftay\u0131&#8221; yo\u011fun bir kat\u0131l\u0131m ile ba\u015flad\u0131.<\/p>\n\n\n\n<p>\u00c7al\u0131\u015ftay program\u0131na; Vali Yard\u0131mc\u0131s\u0131 Ekrem G\u00fcng\u00f6r, Tar\u0131m ve Orman Bakanl\u0131\u011f\u0131 Hayvanc\u0131l\u0131k Genel M\u00fcd\u00fcr Yard\u0131mc\u0131s\u0131 Bekir Y\u00fccel Tanr\u0131kulu, Siirt \u00dcniversitesi Rekt\u00f6r\u00fc Prof. Dr. Nihat \u015e\u0131ndak, \u015e\u0131rnak Vali Yard\u0131mc\u0131s\u0131 Hasan H\u00fcseyin Alpaslan, G\u00fc\u00e7l\u00fckonak Kaymakam\u0131 Semih Memi\u015f, Beyt\u00fc\u015f\u015febap Kaymakam\u0131 Mehmet Furkan Ta\u015fk\u0131ran, GAP BK\u0130 Ba\u015fkan\u0131 Dr. Hasan Maral, T\u00fcrk Veteriner Hekimleri Birli\u011fi Ba\u015fkan\u0131 Ali Ero\u011flu, T\u00fcrkiye Dam\u0131zl\u0131k Koyun Ke\u00e7i Yeti\u015ftiricileri Merkez Birli\u011fi Ba\u015fkan\u0131 Turan Sald\u0131r\u0131c\u0131er, K\u00fcresel Meralar ve Geleneksel Hayvanc\u0131lar Birli\u011fi K\u00fcresel \u0130leti\u015fim Sorumlusu Dr. Louren Nicole Svejcar, b\u00f6lge illerinin \u0130l Tar\u0131m ve Orman M\u00fcd\u00fcrleri, siyasi parti il ba\u015fkanlar\u0131, akademisyenler, birlik ve oda ba\u015fkanlar\u0131 ile \u00e7ok say\u0131da g\u00f6\u00e7ebe hayvanc\u0131l\u0131kla u\u011fra\u015fan \u00fcreticiler kat\u0131ld\u0131.<\/p>\n\n\n\n<p>Sayg\u0131 duru\u015fu ve \u0130stiklal Mar\u015f\u0131&#8217;n\u0131n okunmas\u0131yla ba\u015flayan program\u0131n a\u00e7\u0131l\u0131\u015f konu\u015fmas\u0131n\u0131 yapan \u0130l M\u00fcd\u00fcr\u00fcm\u00fcz Necdet Tuncer;<\/p>\n\n\n\n<p><strong>G\u00f6\u00e7ebe&nbsp;Hayvanc\u0131l\u0131k, ekolojik zenginli\u011fin bir sonucudur.<\/strong><\/p>\n\n\n\n<p>\u00c7ocuklu\u011fumda, g\u00f6\u00e7erlerin yaz aylar\u0131nda b\u00f6lgemize gelip s\u00fcr\u00fclerini otlatt\u0131klar\u0131n\u0131 g\u00f6r\u00fcrd\u00fcm. O zamanlar bu durumu, bulunduklar\u0131 yerlerde yeterli meralar\u0131n olmamas\u0131na ba\u011flard\u0131m. Ancak zamanla anlad\u0131m ki; bu durum, asl\u0131nda \u00fclkemizin sahip oldu\u011fu ekolojik zenginli\u011fin bir sonucuymu\u015f. Do\u011fu ve G\u00fcneydo\u011fu Anadolu b\u00f6lgelerimiz, birbirine \u00e7ok yak\u0131n olduklar\u0131 halde, iklim ve bitki \u00f6rt\u00fcleri birbirinden \u00e7ok farkl\u0131d\u0131r. \u0130\u015fte bu farkl\u0131l\u0131k, g\u00f6\u00e7erlerimizin neredeyse y\u0131l\u0131n tamam\u0131nda, meralardan yararlanmak suretiyle s\u00fcr\u00fclerini yeti\u015ftirmelerine imk\u00e2n sunmaktad\u0131r. Bu b\u00fcy\u00fck bir zenginliktir. Ve bu zenginlikten, en do\u011fru \u015fekilde yararlanman\u0131n yolu, g\u00f6\u00e7ebe hayvanc\u0131l\u0131kt\u0131r. diye konu\u015ftu.<\/p>\n\n\n\n<p><strong>G\u00f6\u00e7ebe hayvanc\u0131l\u0131\u011f\u0131 korumak ve gelecek nesillere ta\u015f\u0131mak, hepimiz i\u00e7in tarih\u00ee bir sorumluluktur.&nbsp;<\/strong><br>G\u00f6\u00e7er ya\u015fam bi\u00e7iminin kar\u015f\u0131 kar\u015f\u0131ya oldu\u011fu risklere dikkat \u00e7eken \u0130l M\u00fcd\u00fcr\u00fcm\u00fcz; Bu nedenle; g\u00f6\u00e7ebe hayvanc\u0131l\u0131\u011f\u0131 korumak ve gelecek nesillere ta\u015f\u0131mak, hepimiz i\u00e7in tarih\u00ee bir sorumluluktur. G\u00f6\u00e7ebe hayvanc\u0131l\u0131k, ayn\u0131 zamanda \u00f6nemli bir ekonomik faaliyet ve istihdam alan\u0131d\u0131r. Bug\u00fcn b\u00f6lgelerimizde bulunan on binlerce i\u015fletmede, milyonlarca k\u00fc\u00e7\u00fckba\u015f hayvan bu sistemle yeti\u015ftirilmektedir. Bu da; g\u00f6\u00e7er hayvanc\u0131l\u0131\u011f\u0131n; hem \u00fclke ekonomisinde, hem de toplumumuzun g\u0131da g\u00fcvenli\u011finde, ne kadar hayati bir role sahip oldu\u011funun a\u00e7\u0131k bir g\u00f6stergesidir.&nbsp;Ancak hepimiz biliyoruz ki; sadece bir \u00fcretim \u015fekli olmayan, ayn\u0131 zamanda bir ya\u015fam bi\u00e7imi olan g\u00f6\u00e7erlik, g\u00fcn\u00fcm\u00fczde \u00e7e\u015fitli zorluklarla kar\u015f\u0131 kar\u015f\u0131yad\u0131r. diye konu\u015ftu.<\/p>\n\n\n\n<p>Yo\u011fun kentle\u015fme,<\/p>\n\n\n\n<p>Eski g\u00f6\u00e7 yollar\u0131n\u0131n kaybolmas\u0131,<\/p>\n\n\n\n<p>Mera alanlar\u0131n\u0131n daralmas\u0131<\/p>\n\n\n\n<p>K\u00fcresel iklim de\u011fi\u015fikli\u011fi,<\/p>\n\n\n\n<p>Sosyo-K\u00fclt\u00fcrel kabul\u00fcn azalmas\u0131,<\/p>\n\n\n\n<p>\u00c7obanl\u0131k mesle\u011finin yeterli ilgi g\u00f6rmemesi, G\u00f6\u00e7erli\u011fi yok olma riski ile kar\u015f\u0131 kar\u015f\u0131ya b\u0131rakmaktad\u0131r. dedi.<\/p>\n\n\n\n<p>\u00c7al\u0131\u015ftay\u0131n \u00f6nemine dikkat \u00e7eken \u0130l M\u00fcd\u00fcr\u00fcm\u00fcz; \u015eunu biliyoruz ki; e\u011fer gerekli ad\u0131mlar\u0131 atmazsak; yaln\u0131zca ekonomik bir \u00fcretim modelini de\u011fil, ayn\u0131 zamanda k\u00fclt\u00fcrel bir miras\u0131, toplumsal bir haf\u0131zay\u0131 ve do\u011fayla uyumlu bir ya\u015fam\u0131 da kaybetmi\u015f olaca\u011f\u0131z. Ve maalesef bunu bir kere kaybettik mi; modern d\u00f6nemde bunun yerine koyabilece\u011fimiz yeni bir model bulunmamaktad\u0131r. \u0130\u015fte bu \u00e7al\u0131\u015ftay; tam da bu noktada, b\u00fcy\u00fck bir \u00f6nem ta\u015f\u0131maktad\u0131r. dedi.<\/p>\n\n\n\n<p><strong>Amac\u0131m\u0131z \u00e7\u00f6z\u00fcm \u00f6nerileri geli\u015ftirmek ve ortak bir yol haritas\u0131 belirlemektir.<\/strong><\/p>\n\n\n\n<p>Sorunlara \u00e7\u00f6z\u00fcm \u00f6nerilerinin geli\u015ftirilmesi ve ortak bir yol haritas\u0131 belirlenmesine vurgu yaparak; \u00d6n\u00fcm\u00fczdeki iki g\u00fcn boyunca, alan\u0131nda uzman akademisyenlerimiz, sekt\u00f6r temsilcilerimiz, kamu kurum ve kurulu\u015flar\u0131m\u0131z, yurt d\u0131\u015f\u0131ndan kat\u0131l\u0131mc\u0131lar\u0131m\u0131z ve g\u00f6\u00e7erlerimizle birlikte, \u00f6nemli bir isti\u015fare zemini olu\u015fturaca\u011f\u0131z. Amac\u0131m\u0131z; g\u00f6\u00e7er topluluklar\u0131n kar\u015f\u0131 kar\u015f\u0131ya kald\u0131\u011f\u0131 sorunlar\u0131, a\u00e7\u0131k bir \u015fekilde ortaya koymak, \u00e7\u00f6z\u00fcm \u00f6nerileri geli\u015ftirmek ve ortak bir yol haritas\u0131 belirlemektir. diye konu\u015ftu.<\/p>\n\n\n\n<p>G\u00f6\u00e7 yollar\u0131n\u0131n belirsizli\u011fi, mera kullan\u0131m\u0131ndaki zorluklar, g\u00f6\u00e7erler ve yerle\u015fikler aras\u0131ndaki sorunlar, iklim de\u011fi\u015fikli\u011fi, e\u011fitim ve sa\u011fl\u0131k gibi temel konularda, somut \u00e7\u0131kt\u0131lar elde edece\u011fimize ve bu \u00e7\u0131kt\u0131lar\u0131n politika geli\u015ftirme s\u00fcre\u00e7lerine katk\u0131 sa\u011flayaca\u011f\u0131na y\u00fcrekten inan\u0131yorum.&nbsp;Bu s\u00fcre\u00e7te, sizlerin aktif kat\u0131l\u0131m\u0131, g\u00f6r\u00fc\u015flerinizi samimiyetle payla\u015fman\u0131z ve ortak ak\u0131l olu\u015fturma \u00e7aban\u0131z b\u00fcy\u00fck \u00f6nem ta\u015f\u0131maktad\u0131r.<\/p>\n\n\n\n<p>Anadolu&#8217;nun hamuruyla yo\u011frulmu\u015f bu kadim ya\u015fam bi\u00e7imi, do\u011faya sayg\u0131n\u0131n \u00f6z\u00fc, topra\u011fa ba\u011fl\u0131l\u0131\u011f\u0131n simgesidir. Ve insanl\u0131k var olduk\u00e7a ya\u015famay\u0131 hak ediyor. dedi.<\/p>\n\n\n\n<p>\u0130l M\u00fcd\u00fcr\u00fcm\u00fcz konu\u015fmas\u0131n\u0131n sonunda;&nbsp;Bu \u00e7al\u0131\u015ftay\u0131n ger\u00e7ekle\u015fmesinde bizlerden deste\u011fini esirgemeyen say\u0131n bakan\u0131m\u0131za, Bizleri her zaman cesaretlendiren ve bu \u00e7al\u0131\u015ftay i\u00e7in b\u00fcy\u00fck destek sa\u011flayan Say\u0131n Valimize, \u00dcniversitelerimize, Yurt d\u0131\u015f\u0131 kat\u0131l\u0131mc\u0131lar\u0131m\u0131za, Katk\u0131 sunan t\u00fcm kurum ve kurulu\u015flar\u0131m\u0131za, Sivil toplum \u00f6rg\u00fctlerimize, Meslek odalar\u0131m\u0131za, Tertip komitesine Bas\u0131n\u0131m\u0131z\u0131n g\u00fczide temsilcilerine ve t\u00fcm kat\u0131l\u0131mc\u0131lara te\u015fekk\u00fcr ediyorum. \u00c7al\u0131\u015ftay\u0131m\u0131z\u0131n hay\u0131rlara vesile olmas\u0131n\u0131 diliyor, sizleri sayg\u0131yla selaml\u0131yorum. diye konu\u015ftu.<\/p>\n\n\n\n<p><strong>Binlerce Y\u0131ll\u0131k K\u00fclt\u00fcr; G\u00f6\u00e7ebe Ya\u015fam<\/strong><br>Programda konu\u015fan Vali Yard\u0131mc\u0131s\u0131 Ekrem G\u00fcng\u00f6r, \u201cBug\u00fcn burada yaln\u0131zca bir \u00fcretim modelini de\u011fil; binlerce y\u0131ll\u0131k bir k\u00fclt\u00fcr\u00fc, bir ya\u015fam bi\u00e7imini ve do\u011fayla kurulan kadim dengeyi konu\u015fmak \u00fczere bir araya gelmi\u015f bulunuyoruz&#8221; dedi.<\/p>\n\n\n\n<p><strong>10 Milyon K\u00fc\u00e7\u00fckba\u015f Hayvan, \u00dclke Ekonomisine 200 Milyar Katk\u0131<\/strong><br>G\u00f6\u00e7ebe hayvanc\u0131l\u0131\u011f\u0131n yaln\u0131zca ekonomik bir faaliyet olmad\u0131\u011f\u0131n\u0131; ayn\u0131 zamanda bir k\u00fclt\u00fcrel miras, bir ya\u015fam tarz\u0131 ve do\u011fayla uyumlu bir \u00fcretim anlay\u0131\u015f\u0131 oldu\u011funu vurgulayan G\u00fcng\u00f6r, \u201cBug\u00fcn b\u00f6lgemizde 16 ilde faaliyet g\u00f6steren \u00fcreticilerimizin sahip oldu\u011fu yakla\u015f\u0131k 10 milyon k\u00fc\u00e7\u00fckba\u015f hayvan, \u00fclke ekonomisine y\u0131ll\u0131k yakla\u015f\u0131k 200 milyar liral\u0131k katk\u0131 sa\u011flamaktad\u0131r. Ayn\u0131 zamanda \u00fclkemizin k\u0131rm\u0131z\u0131 et ve s\u00fct ihtiyac\u0131n\u0131n yakla\u015f\u0131k %20&#8217;si bu \u00fcretim modeliyle kar\u015f\u0131lanmaktad\u0131r. Bu tablo bize a\u00e7\u0131k\u00e7a g\u00f6stermektedir ki; g\u00f6\u00e7ebe hayvanc\u0131l\u0131k yaln\u0131zca bir sekt\u00f6r de\u011fil, ayn\u0131 zamanda stratejik bir \u00fcretim alan\u0131d\u0131r&#8221; ifadelerini kulland\u0131.<\/p>\n\n\n\n<p>D\u00fcnyan\u0131n, ya\u015fanan iklim de\u011fi\u015fikli\u011fi ve artan g\u0131da ihtiyac\u0131 kar\u015f\u0131s\u0131nda yeni aray\u0131\u015flar i\u00e7erisinde oldu\u011funu ifade eden G\u00fcng\u00f6r, \u201cDaha s\u00fcrd\u00fcr\u00fclebilir \u00fcretim modelleri \u00f6n plana \u00e7\u0131kmaktad\u0131r. \u0130\u015fte bu noktada d\u00fcnya yeniden g\u00f6\u00e7ebe hayvanc\u0131l\u0131\u011f\u0131 ke\u015ffetmektedir. \u00c7\u00fcnk\u00fc bu model do\u011fayla uyumlu \u00fcretim sa\u011flar, kaynaklar\u0131 zorlamaz ve en zorlu co\u011frafyalarda dahi s\u00fcrd\u00fcr\u00fclebilirli\u011fi m\u00fcmk\u00fcn k\u0131lar&#8221; dedi.<\/p>\n\n\n\n<p><strong>Amac\u0131m\u0131z; G\u00f6\u00e7ebe Ya\u015fam\u0131 Gelece\u011fe Ta\u015f\u0131makt\u0131r<\/strong><br>G\u00fcng\u00f6r konu\u015fmas\u0131n\u0131n devam\u0131nda, \u201cBizim yakla\u015f\u0131m\u0131m\u0131z da bu do\u011frultudad\u0131r; G\u00f6\u00e7ebe hayvanc\u0131l\u0131\u011f\u0131 sadece korumak de\u011fil; g\u00fc\u00e7lendirmek, modernize etmek ve gelece\u011fe ta\u015f\u0131makt\u0131r. Bu \u00e7al\u0131\u015ftayda da tam olarak bunu konu\u015faca\u011f\u0131z. Sorunlar\u0131 tespit edecek, \u00e7\u00f6z\u00fcm \u00f6nerilerimizi ortaya koyaca\u011f\u0131z&#8221; ifadelerine yer verdi.<\/p>\n\n\n\n<p>\u00c7al\u0131\u015ftay kapsam\u0131nda ele al\u0131nacak ba\u015fl\u0131klar\u0131 da payla\u015fan G\u00fcng\u00f6r, \u201cG\u00f6\u00e7 yollar\u0131n\u0131n dijitalle\u015ftirilmesi ve haritaland\u0131r\u0131lmas\u0131, mera ve su kaynaklar\u0131n\u0131n s\u00fcrd\u00fcr\u00fclebilir y\u00f6netimi, g\u00f6\u00e7er ailelerin ya\u015fam ko\u015fullar\u0131n\u0131n iyile\u015ftirilmesi, kad\u0131n ve gen\u00e7lerin \u00fcretime daha aktif kat\u0131l\u0131m\u0131n\u0131n sa\u011flanmas\u0131, mevzuat ve desteklerin g\u00fc\u00e7lendirilmesi&#8221; konular\u0131na odaklan\u0131laca\u011f\u0131n\u0131 belirtti.<\/p>\n\n\n\n<p>Bu vizyon do\u011frultusunda Batman Valili\u011fi olarak son y\u0131llarda \u00f6nemli projelerin hayata ge\u00e7irildi\u011fini vurgulayan G\u00fcng\u00f6r, \u201cSer\u00e7e Parmak Projesi, s\u00fcr\u00fc y\u00f6netimi, \u00e7obanevi projeleri ve benzeri uygulamalarla; g\u00fcne\u015f enerjisi destekli sistemler sayesinde \u00fcretimi daha s\u00fcrd\u00fcr\u00fclebilir hale getirdik. \u00d6zellikle son iki y\u0131lda bir\u00e7ok k\u00f6y\u00fcm\u00fczde hayata ge\u00e7irilen bu projeler, hem \u00fcretimi hem de ya\u015fam kalitesini do\u011frudan art\u0131rm\u0131\u015f ve T\u00fcrkiye&#8217;ye \u00f6rnek uygulamalar haline gelmi\u015ftir&#8221; dedi.<\/p>\n\n\n\n<p>2026 y\u0131l\u0131n\u0131n Birle\u015fmi\u015f Milletler taraf\u0131ndan \u201cUluslararas\u0131 Meralar ve Geleneksel Hayvanc\u0131l\u0131k Y\u0131l\u0131&#8221; ilan edilmesinin \u00f6nemine de de\u011finen G\u00fcng\u00f6r, \u201cBu durum, yap\u0131lan \u00e7al\u0131\u015fmalar\u0131n ne kadar do\u011fru bir zamanda ger\u00e7ekle\u015ftirildi\u011fini g\u00f6stermektedir. Bizler bu s\u00fcrecin sadece takip\u00e7isi de\u011fil, ayn\u0131 zamanda \u00f6nc\u00fcs\u00fc olmay\u0131 hedefliyoruz.&#8221; diye konu\u015ftu.<\/p>\n\n\n\n<p>Konu\u015fmas\u0131n\u0131n sonunda g\u00f6\u00e7ebe hayvanc\u0131l\u0131\u011f\u0131 ge\u00e7mi\u015ften kalan bir miras olarak de\u011fil, gelece\u011fin \u00fcretim modeli olarak g\u00f6rd\u00fcklerini ifade eden G\u00fcng\u00f6r, \u201cBu anlay\u0131\u015fla; \u00fcreticilerimizin ya\u015fam standartlar\u0131n\u0131 y\u00fckseltmek, \u00fcretim g\u00fcc\u00fcn\u00fc art\u0131rmak ve bu kadim k\u00fclt\u00fcr\u00fc gelecek nesillere ta\u015f\u0131mak i\u00e7in \u00e7al\u0131\u015fmalar\u0131m\u0131za kararl\u0131l\u0131kla devam edece\u011fiz. Bu anlaml\u0131 \u00e7al\u0131\u015ftay\u0131n d\u00fczenlenmesinde eme\u011fi ge\u00e7en t\u00fcm kurum ve kurulu\u015flara te\u015fekk\u00fcr ediyor, hepinizi sayg\u0131 ve selamlar\u0131mla selaml\u0131yorum&#8221; diye konu\u015ftu.&nbsp;<\/p>\n\n\n\n<p><strong>\u201cG\u00f6\u00e7er Ya\u015fam\u0131&#8221; Foto\u011fraf Sergisi A\u00e7\u0131ld\u0131<\/strong><br>A\u00e7\u0131l\u0131\u015f program\u0131n\u0131n ard\u0131ndan, \u0130l M\u00fcd\u00fcr Yard\u0131mc\u0131m\u0131z Dr. Re\u015fat \u00c7ift\u00e7i&#8217;nin \u201cG\u00f6\u00e7er Ya\u015fam\u0131&#8221; foto\u011fraf sergisinin a\u00e7\u0131l\u0131\u015f\u0131 yap\u0131ld\u0131.<br>Daha sonra protokol \u00fcyeleri, g\u00f6\u00e7ebe hayvanc\u0131l\u0131\u011f\u0131n sembol\u00fc olan k\u0131l \u00e7ad\u0131r\u0131 ziyaret ederek \u00fcreticilerle bir s\u00fcre sohbet etti.<\/p>\n\n\n\n<p>\u00c7al\u0131\u015ftay; \u201cG\u00f6\u00e7er Hayvanc\u0131l\u0131kta Yap\u0131sal Sorunlar ve \u0130klim De\u011fi\u015fikli\u011fi&#8221;, \u201cGe\u00e7mi\u015ften G\u00fcn\u00fcm\u00fcze G\u00f6\u00e7er Hayvanc\u0131l\u0131k&#8221; gibi ba\u015fl\u0131kl\u0131 oturumlarla \u00fc\u00e7 g\u00fcn boyunca devam edecek.&nbsp;<\/p>\n<!-- AddThis Advanced Settings generic via filter on the_content --><!-- AddThis Share Buttons generic via filter on the_content --><!-- AddThis Related Posts generic via filter on the_content -->","protected":false},"excerpt":{"rendered":"<p>Borsam\u0131z Y\u00f6netim Kurulu Ba\u015fkan\u0131 Arif G\u00fcne\u015f ve Genel Sekreterimiz \u0130sa Akda\u015f, Tar\u0131m ve Orman Bakanl\u0131\u011f\u0131n\u0131n deste\u011fi ve Valili\u011fimizin himayelerinde T\u00fcrkiye\u2019de ilk kez d\u00fczenlenen \u201cG\u00f6\u00e7ebe Hayvanc\u0131l\u0131k \u00c7al\u0131\u015ftay\u0131\u201dna kat\u0131l\u0131m sa\u011flad\u0131. G\u00f6\u00e7ebe hayvanc\u0131l\u0131\u011f\u0131n korunmas\u0131, geli\u015ftirilmesi ve gelece\u011fe ta\u015f\u0131nmas\u0131na y\u00f6nelik d\u00fczenlenen bu \u00f6nemli \u00e7al\u0131\u015ftayda yer alarak; sekt\u00f6rdeki mevcut durum, kar\u015f\u0131la\u015f\u0131lan sorunlar ve \u00e7\u00f6z\u00fcm \u00f6nerileri isti\u015fare edildi. Tar\u0131m ve Orman &hellip;<!-- AddThis Advanced Settings generic via filter on get_the_excerpt --><!-- AddThis Share Buttons generic via filter on get_the_excerpt --><!-- AddThis Related Posts generic via filter on get_the_excerpt --><\/p>\n","protected":false},"author":2,"featured_media":7258,"comment_status":"closed","ping_status":"closed","sticky":false,"template":"","format":"standard","meta":{"ngg_post_thumbnail":0},"categories":[75,9],"tags":[],"_links":{"self":[{"href":"http:\/\/www.batmantb.org.tr\/index.php\/wp-json\/wp\/v2\/posts\/7255"}],"collection":[{"href":"http:\/\/www.batmantb.org.tr\/index.php\/wp-json\/wp\/v2\/posts"}],"about":[{"href":"http:\/\/www.batmantb.org.tr\/index.php\/wp-json\/wp\/v2\/types\/post"}],"author":[{"embeddable":true,"href":"http:\/\/www.batmantb.org.tr\/index.php\/wp-json\/wp\/v2\/users\/2"}],"replies":[{"embeddable":true,"href":"http:\/\/www.batmantb.org.tr\/index.php\/wp-json\/wp\/v2\/comments?post=7255"}],"version-history":[{"count":2,"href":"http:\/\/www.batmantb.org.tr\/index.php\/wp-json\/wp\/v2\/posts\/7255\/revisions"}],"predecessor-version":[{"id":7260,"href":"http:\/\/www.batmantb.org.tr\/index.php\/wp-json\/wp\/v2\/posts\/7255\/revisions\/7260"}],"wp:featuredmedia":[{"embeddable":true,"href":"http:\/\/www.batmantb.org.tr\/index.php\/wp-json\/wp\/v2\/media\/7258"}],"wp:attachment":[{"href":"http:\/\/www.batmantb.org.tr\/index.php\/wp-json\/wp\/v2\/media?parent=7255"}],"wp:term":[{"taxonomy":"category","embeddable":true,"href":"http:\/\/www.batmantb.org.tr\/index.php\/wp-json\/wp\/v2\/categories?post=7255"},{"taxonomy":"post_tag","embeddable":true,"href":"http:\/\/www.batmantb.org.tr\/index.php\/wp-json\/wp\/v2\/tags?post=7255"}],"curies":[{"name":"wp","href":"https:\/\/api.w.org\/{rel}","templated":true}]}}