{"id":7269,"date":"2026-04-13T09:51:02","date_gmt":"2026-04-13T06:51:02","guid":{"rendered":"http:\/\/www.batmantb.org.tr\/?p=7269"},"modified":"2026-04-13T10:31:32","modified_gmt":"2026-04-13T07:31:32","slug":"borsamizdan-tarim-gida-ve-sanayi-odakli-kalkinma-vizyonu-calistayina-katilim-12-04-2026","status":"publish","type":"post","link":"http:\/\/www.batmantb.org.tr\/index.php\/2026\/04\/13\/borsamizdan-tarim-gida-ve-sanayi-odakli-kalkinma-vizyonu-calistayina-katilim-12-04-2026\/","title":{"rendered":"BORSAMIZDAN TARIM, GIDA VE SANAY\u0130 ODAKLI KALKINMA V\u0130ZYONU \u00c7ALI\u015eTAYI&#8217;NA KATILIM 12.04.2026"},"content":{"rendered":"<div id=\"wppb-builder-container\" class=\"wppb-builder-container\">\n<p>Borsa Ba\u015fkan\u0131m\u0131z Arif G\u00fcne\u015f ve Genel Sekreterimiz \u0130sa Akda\u015f, Cumhurba\u015fkan\u0131 Yard\u0131mc\u0131s\u0131 Sn.Cevdet Y\u0131lmaz ile TARPOL Ba\u015fkan\u0131 Sn.Mehmet Mehdi Eker\u2019in kat\u0131l\u0131m\u0131yla ger\u00e7ekle\u015fen Do\u011fu ve G\u00fcneydo\u011fu Anadolu\u2019da Tar\u0131m, G\u0131da ve Sanayi Odakl\u0131 Kalk\u0131nma Vizyonu \u00c7al\u0131\u015ftay\u0131\u2019na kat\u0131l\u0131m sa\u011flad\u0131lar.<\/p>\n\n\n\n<p>\u00c7al\u0131\u015ftay, Cumhurba\u015fkan\u0131 Yard\u0131mc\u0131s\u0131 Cevdet Y\u0131lmaz ile TARPOL Ba\u015fkan\u0131 Mehmet Mehdi Eker\u2019in kat\u0131l\u0131mlar\u0131yla ger\u00e7ekle\u015ftirildi. Program kapsam\u0131nda ayr\u0131ca Sanayi ve Teknoloji Bakan Yard\u0131mc\u0131s\u0131 Oru\u00e7 Baba \u0130nan, Tar\u0131m ve Orman Bakan Yard\u0131mc\u0131s\u0131 Prof. Dr. Ahmet G\u00fcmen, Hazine ve Maliye Bakan Yard\u0131mc\u0131s\u0131 Abdullah Erdem Cantimur, Diyarbak\u0131r Valisi Murat Zorluo\u011flu, milletvekilleri, akademisyenler, \u00fcreticiler, sanayiciler ile kamu ve uluslararas\u0131 kurulu\u015f temsilcileri de yer ald\u0131. \u00c7al\u0131\u015ftay program\u0131nda a\u00e7\u0131l\u0131\u015f konu\u015fmalar\u0131, panel oturumlar\u0131 ve tematik \u00e7al\u0131\u015fma gruplar\u0131 yer ald\u0131.<\/p>\n\n\n\n<p>D\u00fczenlenen \u00e7al\u0131\u015ftayda, Do\u011fu ve G\u00fcneydo\u011fu Anadolu B\u00f6lgesi\u2019nin tar\u0131m, g\u0131da ve sanayi ekseninde kalk\u0131nma potansiyeli \u00e7ok y\u00f6nl\u00fc olarak ele al\u0131nd\u0131. Program s\u00fcresince b\u00f6lge tar\u0131m\u0131n\u0131n s\u00fcrd\u00fcr\u00fclebilirli\u011fi, g\u0131da sanayisinin g\u00fc\u00e7lendirilmesi, \u00fcretim ve ihracat kapasitesinin art\u0131r\u0131lmas\u0131 ile kamu-\u00f6zel sekt\u00f6r i\u015f birli\u011finin geli\u015ftirilmesine y\u00f6nelik \u00f6nemli ba\u015fl\u0131klar masaya yat\u0131r\u0131ld\u0131. \u00c7al\u0131\u015ftay\u0131n tematik oturumlar\u0131nda bitkisel \u00fcretim, hayvanc\u0131l\u0131k, tar\u0131ma dayal\u0131 sanayi ve k\u0131rsal kalk\u0131nma ba\u015fl\u0131klar\u0131 alt\u0131nda de\u011ferlendirmeler yap\u0131ld\u0131.<\/p>\n\n\n\n<p>Batman Ticaret Borsas\u0131 Y\u00f6netim Kurulu Ba\u015fkan\u0131 Arif G\u00fcne\u015f, \u00e7al\u0131\u015ftay kapsam\u0131nda d\u00fczenlenen&nbsp;<strong>Bitkisel \u00dcretim Sekt\u00f6r\u00fc \u00c7al\u0131\u015fma Grubu<\/strong>\u2019na kat\u0131l\u0131m sa\u011flarken; Genel Sekreter \u0130sa Akda\u015f ise&nbsp;<strong>Hayvanc\u0131l\u0131k Sekt\u00f6r\u00fc \u00c7al\u0131\u015fma Grubu<\/strong>\u2019nda yer ald\u0131. Bitkisel \u00fcretim oturumunda arazi kullan\u0131m\u0131, \u00fcr\u00fcn deseni, sulama, iklim de\u011fi\u015fikli\u011finin etkileri, teknoloji kullan\u0131m\u0131 ve verimlilik konular\u0131 \u00f6ne \u00e7\u0131karken; hayvanc\u0131l\u0131k oturumunda mera kullan\u0131m\u0131, yem bitkileri \u00fcretimi, hayvan sa\u011fl\u0131\u011f\u0131, yeti\u015ftiricilik modelleri, et ve s\u00fct piyasalar\u0131 ile teknolojik d\u00f6n\u00fc\u015f\u00fcm ba\u015fl\u0131klar\u0131 ele al\u0131nd\u0131.<\/p>\n\n\n\n<p>Program sonunda ortaya konulan g\u00f6r\u00fc\u015f ve \u00f6nerilerin, b\u00f6lgesel kalk\u0131nma politikalar\u0131na katk\u0131 sunmas\u0131 ve Do\u011fu ile G\u00fcneydo\u011fu Anadolu\u2019nun tar\u0131m ve g\u0131da odakl\u0131 geli\u015fim s\u00fcrecine y\u00f6n vermesi bekleniyor.<\/p>\n\n\n\n<p>Batman Ticaret Borsas\u0131 Ba\u015fkan\u0131 G\u00fcne\u015f, b\u00f6lgenin \u00fcretim g\u00fcc\u00fcn\u00fc art\u0131racak, tar\u0131msal ve ekonomik kalk\u0131nmay\u0131 destekleyecek her t\u00fcrl\u00fc platformda aktif \u015fekilde yer almaya devam edeceklerini belirtti.<\/p>\n<\/div><!-- AddThis Advanced Settings generic via filter on the_content --><!-- AddThis Share Buttons generic via filter on the_content --><!-- AddThis Related Posts generic via filter on the_content -->","protected":false},"excerpt":{"rendered":"<p>Borsa Ba\u015fkan\u0131m\u0131z Arif G\u00fcne\u015f ve Genel Sekreterimiz \u0130sa Akda\u015f, Cumhurba\u015fkan\u0131 Yard\u0131mc\u0131s\u0131 Sn.Cevdet Y\u0131lmaz ile TARPOL Ba\u015fkan\u0131 Sn.Mehmet Mehdi Eker\u2019in kat\u0131l\u0131m\u0131yla ger\u00e7ekle\u015fen Do\u011fu ve G\u00fcneydo\u011fu Anadolu\u2019da Tar\u0131m, G\u0131da ve Sanayi Odakl\u0131 Kalk\u0131nma Vizyonu \u00c7al\u0131\u015ftay\u0131\u2019na kat\u0131l\u0131m sa\u011flad\u0131lar. \u00c7al\u0131\u015ftay, Cumhurba\u015fkan\u0131 Yard\u0131mc\u0131s\u0131 Cevdet Y\u0131lmaz ile TARPOL Ba\u015fkan\u0131 Mehmet Mehdi Eker\u2019in kat\u0131l\u0131mlar\u0131yla ger\u00e7ekle\u015ftirildi. Program kapsam\u0131nda ayr\u0131ca Sanayi ve Teknoloji Bakan &hellip;<!-- AddThis Advanced Settings generic via filter on get_the_excerpt --><!-- AddThis Share Buttons generic via filter on get_the_excerpt --><!-- AddThis Related Posts generic via filter on get_the_excerpt --><\/p>\n","protected":false},"author":2,"featured_media":7284,"comment_status":"closed","ping_status":"closed","sticky":false,"template":"","format":"standard","meta":{"ngg_post_thumbnail":0},"categories":[75,9],"tags":[],"_links":{"self":[{"href":"http:\/\/www.batmantb.org.tr\/index.php\/wp-json\/wp\/v2\/posts\/7269"}],"collection":[{"href":"http:\/\/www.batmantb.org.tr\/index.php\/wp-json\/wp\/v2\/posts"}],"about":[{"href":"http:\/\/www.batmantb.org.tr\/index.php\/wp-json\/wp\/v2\/types\/post"}],"author":[{"embeddable":true,"href":"http:\/\/www.batmantb.org.tr\/index.php\/wp-json\/wp\/v2\/users\/2"}],"replies":[{"embeddable":true,"href":"http:\/\/www.batmantb.org.tr\/index.php\/wp-json\/wp\/v2\/comments?post=7269"}],"version-history":[{"count":2,"href":"http:\/\/www.batmantb.org.tr\/index.php\/wp-json\/wp\/v2\/posts\/7269\/revisions"}],"predecessor-version":[{"id":7282,"href":"http:\/\/www.batmantb.org.tr\/index.php\/wp-json\/wp\/v2\/posts\/7269\/revisions\/7282"}],"wp:featuredmedia":[{"embeddable":true,"href":"http:\/\/www.batmantb.org.tr\/index.php\/wp-json\/wp\/v2\/media\/7284"}],"wp:attachment":[{"href":"http:\/\/www.batmantb.org.tr\/index.php\/wp-json\/wp\/v2\/media?parent=7269"}],"wp:term":[{"taxonomy":"category","embeddable":true,"href":"http:\/\/www.batmantb.org.tr\/index.php\/wp-json\/wp\/v2\/categories?post=7269"},{"taxonomy":"post_tag","embeddable":true,"href":"http:\/\/www.batmantb.org.tr\/index.php\/wp-json\/wp\/v2\/tags?post=7269"}],"curies":[{"name":"wp","href":"https:\/\/api.w.org\/{rel}","templated":true}]}}